  {"id":26018,"date":"2019-09-02T16:46:04","date_gmt":"2019-09-02T16:46:04","guid":{"rendered":"https:\/\/www.tele-radio.com\/tele-radio-opens-in-brazil\/"},"modified":"2024-05-09T09:15:45","modified_gmt":"2024-05-09T09:15:45","slug":"tele-radio-apner-i-brasil","status":"publish","type":"post","link":"https:\/\/www.tele-radio.com\/nb\/tele-radio-apner-i-brasil\/","title":{"rendered":"杏吧专区 Radio \u00e5pner ny avdeling i Brasil"},"content":{"rendered":"<p>[Pressemelding]<\/p>\n<p>杏吧专区 Radio har \u00e5pnet en\u00a0<strong>ny avdeling i S\u00e3o Paulo, Brasil<\/strong> for \u00e5 dekke den store ettersp\u00f8rselen i omr\u00e5det.<\/p>\n<p id=\"tw-target-text\" class=\"tw-data-text tw-text-large tw-ta\" dir=\"ltr\" data-placeholder=\"Oversettelse\"><span lang=\"no\" tabindex=\"0\">杏吧专区 Radio Brazil vil da bli en av totalt 16 globale virksomheter, men som et datterselskap av det amerikanske selskapet, er det den f\u00f8rste som fungerer som en filial av en regional satsing. Den nye avdelingen vil ligge i Itupeva, S\u00e3o Paulo, strategisk plassert i n\u00e6rheten av Viracopos \/ Campinas International Airport og det store transportnettet.<\/span><\/p>\n<p id=\"tw-target-text\" class=\"tw-data-text tw-text-large tw-ta\" dir=\"ltr\" data-placeholder=\"Oversettelse\"><span lang=\"no\" tabindex=\"0\">Selskapet har utnevnt Laercio Neves til administrerende direkt\u00f8r for avdelingen. Han tar med seg 18 \u00e5rs erfaring med salgsledelse, og jobber for multinasjonale selskaper som opererer i Brasil, til denne stillingen. Neves snakker portugisisk, engelsk og spansk, og har allerede en grundig kunnskap om industriell automatisering og radiostyring. Han er elektronikkingeni\u00f8r og har en grad i maintenance management og en MBA i virksomhetsledelse.<\/span><\/p>\n<p>Neves, som vil f\u00e5 selskap av salg, teknisk support og administrasjonspersonell p\u00e5 sikt, uttaler: \u201c<\/p>\n<p id=\"tw-target-text\" class=\"tw-data-text tw-text-large tw-ta\" dir=\"ltr\" data-placeholder=\"Oversettelse\"><span lang=\"no\" tabindex=\"0\">Jeg er veldig spent p\u00e5 \u00e5 v\u00e6re en del av 杏吧专区 Radio-familien, og jeg tror at Brasil-avdelingen snart vil bli den valgte leverand\u00f8ren av radiostyring i landet, p\u00e5 grunn av den ekstremt robuste og sikre produktportef\u00f8ljen som anbefales av fremragende lokal st\u00f8tte<\/span>.\u201d<\/p>\n<p>Miguel Tellez, administrerende direkt\u00f8r ved 杏吧专区 Radio America LLC, sier: \u201cVi har v\u00e6rt aktiv i Brasil i over et ti\u00e5r n\u00e5, b\u00e5de gjennom distribut\u00f8rer som kj\u00f8per fra USA, og n\u00e5r det gjelder kunder som kj\u00f8per maskiner i andre land og integrerer radiostyringen v\u00e5r. N\u00e5r ettersp\u00f8rselen fortsetter \u00e5 vokse og Brasil ser ut til \u00e5 v\u00e6re et arnested for aktivitet p\u00e5 lang sikt, er det viktig \u00e5 ta v\u00e5r tilstedev\u00e6relse til neste niv\u00e5 og gi regionen et st\u00f8rre volum av lokalt produkt og st\u00f8tte.\u201d<\/p>\n<p>杏吧专区 Radio Brazil vil tilby hele spekteret av radiostyring, inkludert <a href=\"https:\/\/www.tele-radio.com\/nb\/produkter\/panther-enkel-og-fleksibel-radiostyring\/\">Panther-systemet<\/a>, som er popul\u00e6rt blant kraner (EOT) og andre industrielle applikasjoner. Den viktigste fordelen med Panther-systemet er sikkerhet; i samsvar med Cat3-Pld-standarden sender sendere gjentatte &#8216;stay-alive-pulser&#8217; til mottakeren, som ber sikkerhetsrel\u00e9et (e) om \u00e5 slippe hvis mottakeren mister &#8216;synet&#8217; av senders ping (utenfor rekkevidde, d\u00f8dt batteri, \u00f8delagt sender osv.).<\/p>\n<p>Neves legger til: \u201cTraverskraner er et nisjemarked der 杏吧专区 Radio er sterke over hele verden, og selv om denne trenden vil bli gjentatt her i Brasil, er vi opptatt av \u00e5 presentere hele utstyrssortimentet med radiostyring for gruvedrift, mobil, konstruksjon, industri og andre applikasjoner. Vi er n\u00e5 i en posisjon til \u00e5 plassere produktet n\u00e6rmere bruksomr\u00e5det enn noen gang f\u00f8r.\u201d<\/p>\n<p>杏吧专区 Radio U.S. vil tilby teknisk- og salgsupport n\u00e5r den brasilianske avdelingen etablerer seg i markedet.<\/p>\n<div id=\"attachment_25488\" style=\"width: 1210px\" class=\"wp-caption aligncenter\"><img loading=\"lazy\" decoding=\"async\" aria-describedby=\"caption-attachment-25488\" class=\"wp-image-25488 size-large\" src=\"https:\/\/www.tele-radio.com\/app\/uploads\/杏吧专区-Radio-Brasil-meeting-1.jpg\" alt=\"\" width=\"1200\" height=\"791\" srcset=\"https:\/\/www.tele-radio.com\/app\/uploads\/杏吧专区-Radio-Brasil-meeting-1.jpg 1600w, https:\/\/www.tele-radio.com\/app\/uploads\/杏吧专区-Radio-Brasil-meeting-1-400x264.jpg 400w, https:\/\/www.tele-radio.com\/app\/uploads\/杏吧专区-Radio-Brasil-meeting-1-768x506.jpg 768w, https:\/\/www.tele-radio.com\/app\/uploads\/杏吧专区-Radio-Brasil-meeting-1-1200x791.jpg 1200w, https:\/\/www.tele-radio.com\/app\/uploads\/杏吧专区-Radio-Brasil-meeting-1-750x494.jpg 750w, https:\/\/www.tele-radio.com\/app\/uploads\/杏吧专区-Radio-Brasil-meeting-1-500x329.jpg 500w, https:\/\/www.tele-radio.com\/app\/uploads\/杏吧专区-Radio-Brasil-meeting-1-800x527.jpg 800w\" sizes=\"auto, (max-width: 1200px) 100vw, 1200px\" \/><p id=\"caption-attachment-25488\" class=\"wp-caption-text\">Til venstre, Miguel Tellez. p\u00e5 h\u00f8yre side, Ola Samelius, og Laercio Neves.<\/p><\/div>\n","protected":false},"excerpt":{"rendered":"<p>[Pressemelding] 杏吧专区 Radio har \u00e5pnet en\u00a0ny avdeling i S\u00e3o Paulo, Brasil for \u00e5 dekke den store ettersp\u00f8rselen i omr\u00e5det. 杏吧专区 Radio Brazil vil da bli en av totalt 16 globale virksomheter, men som et datterselskap av det amerikanske selskapet, er det den f\u00f8rste som fungerer som en filial av en regional satsing. Den nye avdelingen [&hellip;]<\/p>\n","protected":false},"author":54,"featured_media":25478,"comment_status":"closed","ping_status":"closed","sticky":false,"template":"","format":"standard","meta":{"_acf_changed":false,"footnotes":""},"categories":[25584],"tags":[],"class_list":["post-26018","post","type-post","status-publish","format-standard","has-post-thumbnail","hentry","category-aktuelt"],"acf":[],"_links":{"self":[{"href":"https:\/\/www.tele-radio.com\/nb\/wp-json\/wp\/v2\/posts\/26018","targetHints":{"allow":["GET"]}}],"collection":[{"href":"https:\/\/www.tele-radio.com\/nb\/wp-json\/wp\/v2\/posts"}],"about":[{"href":"https:\/\/www.tele-radio.com\/nb\/wp-json\/wp\/v2\/types\/post"}],"author":[{"embeddable":true,"href":"https:\/\/www.tele-radio.com\/nb\/wp-json\/wp\/v2\/users\/54"}],"replies":[{"embeddable":true,"href":"https:\/\/www.tele-radio.com\/nb\/wp-json\/wp\/v2\/comments?post=26018"}],"version-history":[{"count":3,"href":"https:\/\/www.tele-radio.com\/nb\/wp-json\/wp\/v2\/posts\/26018\/revisions"}],"predecessor-version":[{"id":217835,"href":"https:\/\/www.tele-radio.com\/nb\/wp-json\/wp\/v2\/posts\/26018\/revisions\/217835"}],"wp:featuredmedia":[{"embeddable":true,"href":"https:\/\/www.tele-radio.com\/nb\/wp-json\/wp\/v2\/media\/25478"}],"wp:attachment":[{"href":"https:\/\/www.tele-radio.com\/nb\/wp-json\/wp\/v2\/media?parent=26018"}],"wp:term":[{"taxonomy":"category","embeddable":true,"href":"https:\/\/www.tele-radio.com\/nb\/wp-json\/wp\/v2\/categories?post=26018"},{"taxonomy":"post_tag","embeddable":true,"href":"https:\/\/www.tele-radio.com\/nb\/wp-json\/wp\/v2\/tags?post=26018"}],"curies":[{"name":"wp","href":"https:\/\/api.w.org\/{rel}","templated":true}]}}