  {"id":26819,"date":"2019-10-03T09:07:54","date_gmt":"2019-10-03T09:07:54","guid":{"rendered":"https:\/\/www.tele-radio.com\/?p=26819"},"modified":"2020-05-08T06:26:50","modified_gmt":"2020-05-08T06:26:50","slug":"uusi-tytaryhtio-ranska","status":"publish","type":"post","link":"https:\/\/www.tele-radio.com\/fi\/uusi-tytaryhtio-ranska\/","title":{"rendered":"杏吧专区 Radio avasi uuden tyt\u00e4ryhti\u00f6n Ranskassa"},"content":{"rendered":"<p>Saadaksemme entist\u00e4 paremman tuen ranskalaisille asiakkaille ja r\u00e4\u00e4t\u00e4l\u00f6idyt ratkaisut ranskalaisten tarpeiden mukaan, 杏吧专区 Radio perusti uuden tyt\u00e4ryhti\u00f6 Ranskaan. Yritys sijaitsee Savoien Viviers Du Lacissa ja palvelee koko Ranskan markkinaa. Perustamisen j\u00e4lkeen 杏吧专区 Radiolla on tyt\u00e4ryhti\u00f6it\u00e4 18 maassa.<\/p>\n<p>杏吧专区 Radio Ranskan toimitusjohtajaksi on valittu Mark van der Elst, jolla on vankka yritt\u00e4j\u00e4tausta automaatio-alalla ja pitk\u00e4 kokemus Ranskan markkinoilta.\u201dRanska on t\u00e4rke\u00e4 markkina 杏吧专区-Radiolle jatkuvan kasvun varmistamiseksi. Ranska on suuri Eurooppalainen talousalue, ja markkinan tarpeiden t\u00e4ytt\u00e4minen vaatii paikallista l\u00e4sn\u00e4oloa. Olen kiitollinen ja ylpe\u00e4 minulle annetusta tilaisuudesta ja onnellinen yhteisty\u00f6st\u00e4 olemassa-olevien ja kaikkien tulevien asiakkaiden kanssa maassa joka on minua vieh\u00e4tt\u00e4nyt vuosien varrella, kun olen siell\u00e4 tehnyt t\u00f6it\u00e4\u201d, sanoo Mark van der Elst.<\/p>\n<p>Uuden Ranskalaisen tyt\u00e4ryhti\u00f6n odotetaan olevan t\u00e4ydess\u00e4 toiminnassa 3 &#8211; 6 kuukauden sis\u00e4ll\u00e4.<\/p>\n","protected":false},"excerpt":{"rendered":"<p>Saadaksemme entist\u00e4 paremman tuen ranskalaisille asiakkaille ja r\u00e4\u00e4t\u00e4l\u00f6idyt ratkaisut ranskalaisten tarpeiden mukaan, 杏吧专区 Radio perusti uuden tyt\u00e4ryhti\u00f6 Ranskaan. Yritys sijaitsee Savoien Viviers Du Lacissa ja palvelee koko Ranskan markkinaa. Perustamisen j\u00e4lkeen 杏吧专区 Radiolla on tyt\u00e4ryhti\u00f6it\u00e4 18 maassa. 杏吧专区 Radio Ranskan toimitusjohtajaksi on valittu Mark van der Elst, jolla on vankka yritt\u00e4j\u00e4tausta automaatio-alalla ja pitk\u00e4 kokemus [&hellip;]<\/p>\n","protected":false},"author":29,"featured_media":26884,"comment_status":"closed","ping_status":"closed","sticky":false,"template":"","format":"standard","meta":{"_acf_changed":false,"footnotes":""},"categories":[12574],"tags":[],"class_list":["post-26819","post","type-post","status-publish","format-standard","has-post-thumbnail","hentry","category-blog-fi"],"acf":[],"_links":{"self":[{"href":"https:\/\/www.tele-radio.com\/fi\/wp-json\/wp\/v2\/posts\/26819","targetHints":{"allow":["GET"]}}],"collection":[{"href":"https:\/\/www.tele-radio.com\/fi\/wp-json\/wp\/v2\/posts"}],"about":[{"href":"https:\/\/www.tele-radio.com\/fi\/wp-json\/wp\/v2\/types\/post"}],"author":[{"embeddable":true,"href":"https:\/\/www.tele-radio.com\/fi\/wp-json\/wp\/v2\/users\/29"}],"replies":[{"embeddable":true,"href":"https:\/\/www.tele-radio.com\/fi\/wp-json\/wp\/v2\/comments?post=26819"}],"version-history":[{"count":3,"href":"https:\/\/www.tele-radio.com\/fi\/wp-json\/wp\/v2\/posts\/26819\/revisions"}],"predecessor-version":[{"id":40322,"href":"https:\/\/www.tele-radio.com\/fi\/wp-json\/wp\/v2\/posts\/26819\/revisions\/40322"}],"wp:featuredmedia":[{"embeddable":true,"href":"https:\/\/www.tele-radio.com\/fi\/wp-json\/wp\/v2\/media\/26884"}],"wp:attachment":[{"href":"https:\/\/www.tele-radio.com\/fi\/wp-json\/wp\/v2\/media?parent=26819"}],"wp:term":[{"taxonomy":"category","embeddable":true,"href":"https:\/\/www.tele-radio.com\/fi\/wp-json\/wp\/v2\/categories?post=26819"},{"taxonomy":"post_tag","embeddable":true,"href":"https:\/\/www.tele-radio.com\/fi\/wp-json\/wp\/v2\/tags?post=26819"}],"curies":[{"name":"wp","href":"https:\/\/api.w.org\/{rel}","templated":true}]}}